{"id":641,"date":"2020-03-09T10:17:06","date_gmt":"2020-03-09T13:17:06","guid":{"rendered":"https:\/\/cienciapolitica.ufpr.br\/decp\/?p=641"},"modified":"2022-06-01T08:13:19","modified_gmt":"2022-06-01T11:13:19","slug":"ponte-e-discord-divulgam-lista-de-textos-a-serem-debatidos-no-semestre-20201","status":"publish","type":"post","link":"https:\/\/cienciapolitica.ufpr.br\/decp\/2020\/03\/09\/ponte-e-discord-divulgam-lista-de-textos-a-serem-debatidos-no-semestre-20201\/","title":{"rendered":"PONTE e DISCORD divulgam lista de textos a serem debatidos no semestre 2020\/1"},"content":{"rendered":"<p>&nbsp;<\/p>\n<p>O PONTE\/UFPR (Grupo de Pesquisa em Comunica\u00e7\u00e3o, Pol\u00edtica e Tecnologia) e o DISCORD\/UTFPR (Grupo de Pesquisa Discurso, Comunica\u00e7\u00e3o e Democracia) divulgaram o calend\u00e1rio de suas reuni\u00f5es para o semestre 2020\/1.<\/p>\n<p>&nbsp;<\/p>\n<p><strong>12 DE MAR\u00c7O<\/strong><\/p>\n<p>Discursive Power in Contemporary Media Systems: A Comparative Framework<\/p>\n<p>Andreas Jungherr, Oliver Posegga, and Jisun An<\/p>\n<p>&nbsp;<\/p>\n<p>&nbsp;<\/p>\n<p><strong>26 DE MAR\u00c7O<\/strong><\/p>\n<p>Accurate, Fast, But Not Always Cheap: Evaluating \u201cCrowdcoding\u201d as an Alternative Approach to Analyze Social Media Data<\/p>\n<p>Lei Guo, Kate Mays, Sha Lai, Mona Jalal, Prakash Ishwar, and Margrit Betke<\/p>\n<p>&nbsp;<\/p>\n<p>&nbsp;<\/p>\n<p><strong>09 DE ABRIL<\/strong><\/p>\n<p>Toward a typology of government social media communication: Democratic goals, symbolic acts and self-presentation<\/p>\n<p>Nic DePaula, Ersin Dincelli, Teresa M. Harrison<\/p>\n<p>&nbsp;<\/p>\n<p>&nbsp;<\/p>\n<p><strong>23 DE ABRIL<\/strong><\/p>\n<p>Key Determinants of Online Fiscal Transparency: A Technology-Organization-Environment Framework<\/p>\n<p>Gang Chen, Hyewon Kang &amp;Luis F. Luna-Reyes<\/p>\n<p>&nbsp;<\/p>\n<p>&nbsp;<\/p>\n<p><strong>07 DE MAIO<\/strong><\/p>\n<p>The Politics of Open Government Data: Understanding Organizational Responses to Pressure for More Transparency<\/p>\n<p>Erna Ruijer, Francoise D\u00e9tienne, Michael Baker, Jonathan Groff, and Albert J. Meijer<\/p>\n<p>&nbsp;<\/p>\n<p>&nbsp;<\/p>\n<p><strong>21 DE MAIO<\/strong><\/p>\n<p>Algorithmic inference, political interest, and exposure to news and politics on Facebook<\/p>\n<p>Kjerstin Thorson, Kelley Cotter, Mel Medeiros &amp; Chankyung Pak<\/p>\n<p>&nbsp;<\/p>\n<p>&nbsp;<\/p>\n<p><strong>04 DE JUNHO<\/strong><\/p>\n<p>Which Countries Have More Open Governments? Assessing Structural Determinants of Openness<\/p>\n<p>Sabina Schnell and Suyeon Jo<\/p>\n<p>&nbsp;<\/p>\n<p>&nbsp;<\/p>\n<p><strong>18 DE JUNHO<\/strong><\/p>\n<p>Has government been mediatized? A UK perspective<\/p>\n<p>Ruth Garland, Damian Tambini, Nick Couldry<\/p>\n<p>&nbsp;<\/p>\n<p><strong>* Calend\u00e1rio sujeito a altera\u00e7\u00f5es, a depender de outras atividades acad\u00eamicas.<\/strong><\/p>\n<p>&nbsp;<\/p>\n","protected":false},"excerpt":{"rendered":"<p>&nbsp; O PONTE\/UFPR (Grupo de Pesquisa em Comunica\u00e7\u00e3o, Pol\u00edtica e Tecnologia) e o DISCORD\/UTFPR (Grupo de Pesquisa Discurso, Comunica\u00e7\u00e3o e Democracia) divulgaram o calend\u00e1rio de suas reuni\u00f5es para o semestre 2020\/1. &nbsp; 12 DE MAR\u00c7O [&hellip;]<\/p>\n","protected":false},"author":20,"featured_media":0,"comment_status":"closed","ping_status":"closed","sticky":false,"template":"","format":"standard","meta":{"footnotes":""},"categories":[4],"tags":[],"class_list":["post-641","post","type-post","status-publish","format-standard","hentry","category-eventos"],"_links":{"self":[{"href":"https:\/\/cienciapolitica.ufpr.br\/decp\/wp-json\/wp\/v2\/posts\/641","targetHints":{"allow":["GET"]}}],"collection":[{"href":"https:\/\/cienciapolitica.ufpr.br\/decp\/wp-json\/wp\/v2\/posts"}],"about":[{"href":"https:\/\/cienciapolitica.ufpr.br\/decp\/wp-json\/wp\/v2\/types\/post"}],"author":[{"embeddable":true,"href":"https:\/\/cienciapolitica.ufpr.br\/decp\/wp-json\/wp\/v2\/users\/20"}],"replies":[{"embeddable":true,"href":"https:\/\/cienciapolitica.ufpr.br\/decp\/wp-json\/wp\/v2\/comments?post=641"}],"version-history":[{"count":1,"href":"https:\/\/cienciapolitica.ufpr.br\/decp\/wp-json\/wp\/v2\/posts\/641\/revisions"}],"predecessor-version":[{"id":642,"href":"https:\/\/cienciapolitica.ufpr.br\/decp\/wp-json\/wp\/v2\/posts\/641\/revisions\/642"}],"wp:attachment":[{"href":"https:\/\/cienciapolitica.ufpr.br\/decp\/wp-json\/wp\/v2\/media?parent=641"}],"wp:term":[{"taxonomy":"category","embeddable":true,"href":"https:\/\/cienciapolitica.ufpr.br\/decp\/wp-json\/wp\/v2\/categories?post=641"},{"taxonomy":"post_tag","embeddable":true,"href":"https:\/\/cienciapolitica.ufpr.br\/decp\/wp-json\/wp\/v2\/tags?post=641"}],"curies":[{"name":"wp","href":"https:\/\/api.w.org\/{rel}","templated":true}]}}