{"id":1764,"date":"2025-07-23T11:31:25","date_gmt":"2025-07-23T14:31:25","guid":{"rendered":"https:\/\/cienciapolitica.ufpr.br\/decp\/?p=1764"},"modified":"2025-07-23T11:31:33","modified_gmt":"2025-07-23T14:31:33","slug":"avaliacao-de-disciplinas-2025-1o-semestre","status":"publish","type":"post","link":"https:\/\/cienciapolitica.ufpr.br\/decp\/2025\/07\/23\/avaliacao-de-disciplinas-2025-1o-semestre\/","title":{"rendered":"Avalia\u00e7\u00e3o de Disciplinas 2025\/1\u00ba semestre"},"content":{"rendered":"\n<p>Participem da pesquisa de\u00a0<strong>Avalia\u00e7\u00e3o de Disciplinas 2025\/1\u00ba semestre<\/strong>, que estar\u00e1 dispon\u00edvel aos estudantes de gradua\u00e7\u00e3o e de ensino t\u00e9cnico, dos cursos de 15 e 18 semanas, presenciais e a dist\u00e2ncia, de\u00a0<strong>21\/7\/2025 a 14\/8\/2025<\/strong>.<\/p>\n\n\n\n<figure class=\"wp-block-image size-large\"><img fetchpriority=\"high\" decoding=\"async\" width=\"1024\" height=\"576\" src=\"https:\/\/cienciapolitica.ufpr.br\/decp\/wp-content\/uploads\/sites\/3\/2025\/07\/CPA_2025_artes_Prancheta_1-1024x576.jpg\" alt=\"\" class=\"wp-image-1766\" srcset=\"https:\/\/cienciapolitica.ufpr.br\/decp\/wp-content\/uploads\/sites\/3\/2025\/07\/CPA_2025_artes_Prancheta_1-1024x576.jpg 1024w, https:\/\/cienciapolitica.ufpr.br\/decp\/wp-content\/uploads\/sites\/3\/2025\/07\/CPA_2025_artes_Prancheta_1-300x169.jpg 300w, https:\/\/cienciapolitica.ufpr.br\/decp\/wp-content\/uploads\/sites\/3\/2025\/07\/CPA_2025_artes_Prancheta_1-768x432.jpg 768w, https:\/\/cienciapolitica.ufpr.br\/decp\/wp-content\/uploads\/sites\/3\/2025\/07\/CPA_2025_artes_Prancheta_1-1536x864.jpg 1536w, https:\/\/cienciapolitica.ufpr.br\/decp\/wp-content\/uploads\/sites\/3\/2025\/07\/CPA_2025_artes_Prancheta_1-2048x1152.jpg 2048w, https:\/\/cienciapolitica.ufpr.br\/decp\/wp-content\/uploads\/sites\/3\/2025\/07\/CPA_2025_artes_Prancheta_1-320x180.jpg 320w\" sizes=\"(max-width: 1024px) 100vw, 1024px\" \/><\/figure>\n\n\n\n<p>Link para cursos presenciais:<\/p>\n\n\n\n<p><a href=\"https:\/\/intranet.ufpr.br\/formulario\/cpa\/pesquisas\/disciplinas2025.1\">https:\/\/intranet.ufpr.br\/formulario\/cpa\/pesquisas\/disciplinas2025.1<\/a><\/p>\n\n\n\n<p>As informa\u00e7\u00f5es de login s\u00e3o preservadas, servindo somente para a valida\u00e7\u00e3o dos respondentes e a segmenta\u00e7\u00e3o dos resultados por setores, cursos e disciplinas.<\/p>\n","protected":false},"excerpt":{"rendered":"<p>Participem da pesquisa de\u00a0Avalia\u00e7\u00e3o de Disciplinas 2025\/1\u00ba semestre, que estar\u00e1 dispon\u00edvel aos estudantes de gradua\u00e7\u00e3o e de ensino t\u00e9cnico, dos cursos de 15 e 18 semanas, presenciais e a dist\u00e2ncia, de\u00a021\/7\/2025 a 14\/8\/2025. Link para [&hellip;]<\/p>\n","protected":false},"author":20,"featured_media":0,"comment_status":"closed","ping_status":"closed","sticky":false,"template":"","format":"standard","meta":{"footnotes":""},"categories":[3],"tags":[],"class_list":["post-1764","post","type-post","status-publish","format-standard","hentry","category-noticias"],"_links":{"self":[{"href":"https:\/\/cienciapolitica.ufpr.br\/decp\/wp-json\/wp\/v2\/posts\/1764","targetHints":{"allow":["GET"]}}],"collection":[{"href":"https:\/\/cienciapolitica.ufpr.br\/decp\/wp-json\/wp\/v2\/posts"}],"about":[{"href":"https:\/\/cienciapolitica.ufpr.br\/decp\/wp-json\/wp\/v2\/types\/post"}],"author":[{"embeddable":true,"href":"https:\/\/cienciapolitica.ufpr.br\/decp\/wp-json\/wp\/v2\/users\/20"}],"replies":[{"embeddable":true,"href":"https:\/\/cienciapolitica.ufpr.br\/decp\/wp-json\/wp\/v2\/comments?post=1764"}],"version-history":[{"count":1,"href":"https:\/\/cienciapolitica.ufpr.br\/decp\/wp-json\/wp\/v2\/posts\/1764\/revisions"}],"predecessor-version":[{"id":1767,"href":"https:\/\/cienciapolitica.ufpr.br\/decp\/wp-json\/wp\/v2\/posts\/1764\/revisions\/1767"}],"wp:attachment":[{"href":"https:\/\/cienciapolitica.ufpr.br\/decp\/wp-json\/wp\/v2\/media?parent=1764"}],"wp:term":[{"taxonomy":"category","embeddable":true,"href":"https:\/\/cienciapolitica.ufpr.br\/decp\/wp-json\/wp\/v2\/categories?post=1764"},{"taxonomy":"post_tag","embeddable":true,"href":"https:\/\/cienciapolitica.ufpr.br\/decp\/wp-json\/wp\/v2\/tags?post=1764"}],"curies":[{"name":"wp","href":"https:\/\/api.w.org\/{rel}","templated":true}]}}