{"id":1538,"date":"2024-08-28T15:00:58","date_gmt":"2024-08-28T18:00:58","guid":{"rendered":"https:\/\/cienciapolitica.ufpr.br\/decp\/?p=1538"},"modified":"2024-08-28T15:00:58","modified_gmt":"2024-08-28T18:00:58","slug":"ementas-das-disciplinas-do-2-semestre-de-2024","status":"publish","type":"post","link":"https:\/\/cienciapolitica.ufpr.br\/decp\/2024\/08\/28\/ementas-das-disciplinas-do-2-semestre-de-2024\/","title":{"rendered":"Ementas das disciplinas do 2\u00b0 semestre de 2024"},"content":{"rendered":"\n<p>As ementas (ficha 02) de 2\/2024 j\u00e1 est\u00e3o dispon\u00edveis no site do departamento.<\/p>\n\n\n\n<p>Para acess\u00e1-las \u00e9 s\u00f3 seguir o caminho abaixo:<\/p>\n\n\n\n<p>Discentes &gt;&nbsp;<a href=\"https:\/\/cienciapolitica.ufpr.br\/decp\/programas-das-disciplinas-ciencia-politica\/\">Ementas<\/a><\/p>\n","protected":false},"excerpt":{"rendered":"<p>As ementas (ficha 02) de 2\/2024 j\u00e1 est\u00e3o dispon\u00edveis no site do departamento. Para acess\u00e1-las \u00e9 s\u00f3 seguir o caminho abaixo: Discentes &gt;&nbsp;Ementas<\/p>\n","protected":false},"author":20,"featured_media":0,"comment_status":"closed","ping_status":"closed","sticky":false,"template":"","format":"standard","meta":{"footnotes":""},"categories":[1],"tags":[],"class_list":["post-1538","post","type-post","status-publish","format-standard","hentry","category-sem-categoria"],"_links":{"self":[{"href":"https:\/\/cienciapolitica.ufpr.br\/decp\/wp-json\/wp\/v2\/posts\/1538","targetHints":{"allow":["GET"]}}],"collection":[{"href":"https:\/\/cienciapolitica.ufpr.br\/decp\/wp-json\/wp\/v2\/posts"}],"about":[{"href":"https:\/\/cienciapolitica.ufpr.br\/decp\/wp-json\/wp\/v2\/types\/post"}],"author":[{"embeddable":true,"href":"https:\/\/cienciapolitica.ufpr.br\/decp\/wp-json\/wp\/v2\/users\/20"}],"replies":[{"embeddable":true,"href":"https:\/\/cienciapolitica.ufpr.br\/decp\/wp-json\/wp\/v2\/comments?post=1538"}],"version-history":[{"count":1,"href":"https:\/\/cienciapolitica.ufpr.br\/decp\/wp-json\/wp\/v2\/posts\/1538\/revisions"}],"predecessor-version":[{"id":1539,"href":"https:\/\/cienciapolitica.ufpr.br\/decp\/wp-json\/wp\/v2\/posts\/1538\/revisions\/1539"}],"wp:attachment":[{"href":"https:\/\/cienciapolitica.ufpr.br\/decp\/wp-json\/wp\/v2\/media?parent=1538"}],"wp:term":[{"taxonomy":"category","embeddable":true,"href":"https:\/\/cienciapolitica.ufpr.br\/decp\/wp-json\/wp\/v2\/categories?post=1538"},{"taxonomy":"post_tag","embeddable":true,"href":"https:\/\/cienciapolitica.ufpr.br\/decp\/wp-json\/wp\/v2\/tags?post=1538"}],"curies":[{"name":"wp","href":"https:\/\/api.w.org\/{rel}","templated":true}]}}