{"id":1488,"date":"2024-02-29T14:00:45","date_gmt":"2024-02-29T17:00:45","guid":{"rendered":"https:\/\/cienciapolitica.ufpr.br\/decp\/?p=1488"},"modified":"2024-02-29T14:00:46","modified_gmt":"2024-02-29T17:00:46","slug":"disciplinas-eletivas-e-isoladas","status":"publish","type":"post","link":"https:\/\/cienciapolitica.ufpr.br\/decp\/2024\/02\/29\/disciplinas-eletivas-e-isoladas\/","title":{"rendered":"Disciplinas eletivas e isoladas"},"content":{"rendered":"\n<p>Segue a oferta de disciplinas eletivas e isoladas para o 1\u00b0 semestre de 2024:<\/p>\n\n\n\n<p><\/p>\n\n\n\n<figure class=\"wp-block-table\"><table><tbody><tr><td><strong>C\u00f3digo<\/strong><\/td><td><strong>Nome da Disciplina<\/strong><\/td><td><strong>Turma<\/strong><\/td><td><strong>Dia da semana<\/strong><\/td><td><strong>Hor\u00e1rio entrada<\/strong><\/td><td><strong>Hor\u00e1rio sa\u00edda<\/strong><\/td><td><strong>Professor<\/strong><\/td><td><strong>Sala<\/strong><\/td><\/tr><tr><td>HCP001<\/td><td>INTRODU\u00c7\u00c3O \u00c0 POL\u00cdTICA<\/td><td>A<\/td><td>4\u00aa feira*<\/td><td>07:30<\/td><td>12:30<\/td><td>RENATO<\/td><td>A600<\/td><\/tr><tr><td>HCP001<\/td><td>INTRODU\u00c7\u00c3O \u00c0 POL\u00cdTICA<\/td><td>B<\/td><td>4\u00aa feira*<\/td><td>07:30<\/td><td>12:30<\/td><td>NELSON<\/td><td>A900<\/td><\/tr><tr><td>HCP003<\/td><td>POL\u00cdTICA BRASILEIRA<\/td><td>A<\/td><td>6\u00aa feira<\/td><td>07:30<\/td><td>11:30<\/td><td>S\u00c9RGIO<\/td><td>A900<\/td><\/tr><tr><td>HCP003<\/td><td>POL\u00cdTICA BRASILEIRA<\/td><td>B<\/td><td>2\u00aa feira<\/td><td>07:30<\/td><td>11:30<\/td><td>PAULO<\/td><td>A900<\/td><\/tr><tr><td>HCP048<\/td><td>AN\u00c1LISE DE PROCESSOS DECIS\u00d3RIOS II<\/td><td>66F<\/td><td>4\u00aa feira*<\/td><td>07:30<\/td><td>12:30<\/td><td>S\u00c9RGIO<\/td><td>115<\/td><\/tr><tr><td>HCP063<\/td><td>T\u00d3PICOS ESPECIAIS EM CI\u00caNCIA POL\u00cdTICA XII (representa\u00e7\u00e3o de minorias)<\/td><td>66F<\/td><td>2\u00aa feira<\/td><td>13:30<\/td><td>17:30<\/td><td>RENATO (CEC\u00cdLIA\/GABRIELA)<\/td><td>924<\/td><\/tr><tr><td>HCP069<\/td><td>T\u00d3PICOS ESPECIAIS EM CI\u00caNCIA POL\u00cdTICA XVIII (m\u00eddia, cultura e poder)<\/td><td>66F<\/td><td>3\u00aa feira<\/td><td>13:30<\/td><td>17:30<\/td><td>NELSON<\/td><td>113<\/td><\/tr><tr><td>HCP032<\/td><td>POL\u00cdTICA EXTERNA BRASILEIRA<\/td><td>66F<\/td><td>4\u00aa feira<\/td><td>13:30<\/td><td>17:30<\/td><td>ALEX<\/td><td>112<\/td><\/tr><\/tbody><\/table><\/figure>\n\n\n\n<p>04 e 05\/03: Per\u00edodo para solicita\u00e7\u00e3o de matr\u00edcula em disciplinas eletivas\/isoladas.<\/p>\n","protected":false},"excerpt":{"rendered":"<p>Segue a oferta de disciplinas eletivas e isoladas para o 1\u00b0 semestre de 2024: C\u00f3digo Nome da Disciplina Turma Dia da semana Hor\u00e1rio entrada Hor\u00e1rio sa\u00edda Professor Sala HCP001 INTRODU\u00c7\u00c3O \u00c0 POL\u00cdTICA A 4\u00aa feira* [&hellip;]<\/p>\n","protected":false},"author":20,"featured_media":0,"comment_status":"closed","ping_status":"closed","sticky":false,"template":"","format":"standard","meta":{"footnotes":""},"categories":[3],"tags":[],"class_list":["post-1488","post","type-post","status-publish","format-standard","hentry","category-noticias"],"_links":{"self":[{"href":"https:\/\/cienciapolitica.ufpr.br\/decp\/wp-json\/wp\/v2\/posts\/1488","targetHints":{"allow":["GET"]}}],"collection":[{"href":"https:\/\/cienciapolitica.ufpr.br\/decp\/wp-json\/wp\/v2\/posts"}],"about":[{"href":"https:\/\/cienciapolitica.ufpr.br\/decp\/wp-json\/wp\/v2\/types\/post"}],"author":[{"embeddable":true,"href":"https:\/\/cienciapolitica.ufpr.br\/decp\/wp-json\/wp\/v2\/users\/20"}],"replies":[{"embeddable":true,"href":"https:\/\/cienciapolitica.ufpr.br\/decp\/wp-json\/wp\/v2\/comments?post=1488"}],"version-history":[{"count":1,"href":"https:\/\/cienciapolitica.ufpr.br\/decp\/wp-json\/wp\/v2\/posts\/1488\/revisions"}],"predecessor-version":[{"id":1490,"href":"https:\/\/cienciapolitica.ufpr.br\/decp\/wp-json\/wp\/v2\/posts\/1488\/revisions\/1490"}],"wp:attachment":[{"href":"https:\/\/cienciapolitica.ufpr.br\/decp\/wp-json\/wp\/v2\/media?parent=1488"}],"wp:term":[{"taxonomy":"category","embeddable":true,"href":"https:\/\/cienciapolitica.ufpr.br\/decp\/wp-json\/wp\/v2\/categories?post=1488"},{"taxonomy":"post_tag","embeddable":true,"href":"https:\/\/cienciapolitica.ufpr.br\/decp\/wp-json\/wp\/v2\/tags?post=1488"}],"curies":[{"name":"wp","href":"https:\/\/api.w.org\/{rel}","templated":true}]}}