{"id":1269,"date":"2022-06-01T08:11:43","date_gmt":"2022-06-01T11:11:43","guid":{"rendered":"https:\/\/cienciapolitica.ufpr.br\/decp\/?p=1269"},"modified":"2022-06-01T08:11:43","modified_gmt":"2022-06-01T11:11:43","slug":"manual-da-estudante-e-do-estudante-ufpr-2022","status":"publish","type":"post","link":"https:\/\/cienciapolitica.ufpr.br\/decp\/2022\/06\/01\/manual-da-estudante-e-do-estudante-ufpr-2022\/","title":{"rendered":"Manual da Estudante e do Estudante UFPR 2022"},"content":{"rendered":"<div class=\"x_elementToProof\"><span style=\"color: #000000\">A PROGRAD disponibilizou o Manual da Estudante e do Estudante 2022. No documento \u00e9 poss\u00edvel encontrar informa\u00e7\u00f5es essenciais sobre a vida acad\u00eamica na UFPR. <\/span><\/div>\n<div class=\"x_elementToProof\"><span style=\"color: #000000\">Mais informa\u00e7\u00f5es e o Manual podem ser acessados atrav\u00e9s do link:\u00a0<strong><a id=\"LPlnk943734\" style=\"color: #000000\" href=\"https:\/\/bit.ly\/3x1M3Zg\" target=\"_blank\" rel=\"noopener noreferrer\">https:\/\/bit.ly\/3x1M3Zg<\/a><\/strong><\/span><\/div>\n<div class=\"x_elementToProof\"><\/div>\n","protected":false},"excerpt":{"rendered":"<p>A PROGRAD disponibilizou o Manual da Estudante e do Estudante 2022. No documento \u00e9 poss\u00edvel encontrar informa\u00e7\u00f5es essenciais sobre a vida acad\u00eamica na UFPR. Mais informa\u00e7\u00f5es e o Manual podem ser acessados atrav\u00e9s do link:\u00a0https:\/\/bit.ly\/3x1M3Zg<\/p>\n","protected":false},"author":20,"featured_media":0,"comment_status":"closed","ping_status":"closed","sticky":false,"template":"","format":"standard","meta":{"footnotes":""},"categories":[3],"tags":[],"class_list":["post-1269","post","type-post","status-publish","format-standard","hentry","category-noticias"],"_links":{"self":[{"href":"https:\/\/cienciapolitica.ufpr.br\/decp\/wp-json\/wp\/v2\/posts\/1269","targetHints":{"allow":["GET"]}}],"collection":[{"href":"https:\/\/cienciapolitica.ufpr.br\/decp\/wp-json\/wp\/v2\/posts"}],"about":[{"href":"https:\/\/cienciapolitica.ufpr.br\/decp\/wp-json\/wp\/v2\/types\/post"}],"author":[{"embeddable":true,"href":"https:\/\/cienciapolitica.ufpr.br\/decp\/wp-json\/wp\/v2\/users\/20"}],"replies":[{"embeddable":true,"href":"https:\/\/cienciapolitica.ufpr.br\/decp\/wp-json\/wp\/v2\/comments?post=1269"}],"version-history":[{"count":1,"href":"https:\/\/cienciapolitica.ufpr.br\/decp\/wp-json\/wp\/v2\/posts\/1269\/revisions"}],"predecessor-version":[{"id":1270,"href":"https:\/\/cienciapolitica.ufpr.br\/decp\/wp-json\/wp\/v2\/posts\/1269\/revisions\/1270"}],"wp:attachment":[{"href":"https:\/\/cienciapolitica.ufpr.br\/decp\/wp-json\/wp\/v2\/media?parent=1269"}],"wp:term":[{"taxonomy":"category","embeddable":true,"href":"https:\/\/cienciapolitica.ufpr.br\/decp\/wp-json\/wp\/v2\/categories?post=1269"},{"taxonomy":"post_tag","embeddable":true,"href":"https:\/\/cienciapolitica.ufpr.br\/decp\/wp-json\/wp\/v2\/tags?post=1269"}],"curies":[{"name":"wp","href":"https:\/\/api.w.org\/{rel}","templated":true}]}}