{"id":1126,"date":"2021-08-03T10:20:13","date_gmt":"2021-08-03T13:20:13","guid":{"rendered":"https:\/\/cienciapolitica.ufpr.br\/decp\/?p=1126"},"modified":"2021-08-03T10:23:49","modified_gmt":"2021-08-03T13:23:49","slug":"retificacao-de-edital-processo-seletivo-para-professor-substituto","status":"publish","type":"post","link":"https:\/\/cienciapolitica.ufpr.br\/decp\/2021\/08\/03\/retificacao-de-edital-processo-seletivo-para-professor-substituto\/","title":{"rendered":"Retifica\u00e7\u00e3o de edital: Processo Seletivo para professor substituto"},"content":{"rendered":"<p><span style=\"color: #000000\">Foi publicado a retifica\u00e7\u00e3o do edital para o processo seletivo para\u00a0professor substituto do DECP.<\/span><\/p>\n<p><span style=\"color: #ff0000\"><strong>Per\u00edodo de Inscri\u00e7\u00f5es: 03\/08\/2021 at\u00e9 09\/08\/2021<\/strong><\/span><\/p>\n<p><strong><span style=\"color: #000000\">EDITAL N\u00ba 273\/2021:<\/span><\/strong><\/p>\n<p><span style=\"color: #000000\"><strong>Onde se l\u00ea:<\/strong><\/span><\/p>\n<p><span style=\"color: #000000\">\u201c<strong>Requisito:\u00a0<\/strong>M\u00e9todos Qualitativos em Ci\u00eancia Pol\u00edtica; M\u00e9todos Quantitativos em Ci\u00eancia Pol\u00edtica; M\u00e9todos de Pesquisa Cient\u00edfica em Ci\u00eancia Pol\u00edtica; T\u00f3picos Especiais em Ci\u00eancia Pol\u00edtica; Sociologia e Sociedade Contempor\u00e2nea; Comportamento e Cultura Pol\u00edtica; An\u00e1lise, obtidos na forma da lei.\u201d<\/span><\/p>\n<p><span style=\"color: #000000\">\u00a0<\/span><span style=\"color: #000000\"><strong>Leia-se:<\/strong><\/span><\/p>\n<p><span style=\"color: #000000\">\u201c<strong>Requisito:<\/strong>\u00a0Gradua\u00e7\u00e3o em qualquer \u00e1rea do conhecimento; COM Mestrado em Ci\u00eancia Pol\u00edtica OU Doutorado em Ci\u00eancia Pol\u00edtica,\u00a0obtidos na forma da lei.\u201d<\/span><\/p>\n<p><span style=\"color: #000000\">P\u00e1gina de acompanhamento do processo seletivo,\u00a0<strong><a style=\"color: #000000\" href=\"https:\/\/cienciapolitica.ufpr.br\/decp\/processo-seletivo\/\">clique aqui<\/a><\/strong>.<\/span><\/p>\n","protected":false},"excerpt":{"rendered":"<p>Foi publicado a retifica\u00e7\u00e3o do edital para o processo seletivo para\u00a0professor substituto do DECP. Per\u00edodo de Inscri\u00e7\u00f5es: 03\/08\/2021 at\u00e9 09\/08\/2021 EDITAL N\u00ba 273\/2021: Onde se l\u00ea: \u201cRequisito:\u00a0M\u00e9todos Qualitativos em Ci\u00eancia Pol\u00edtica; M\u00e9todos Quantitativos em Ci\u00eancia [&hellip;]<\/p>\n","protected":false},"author":20,"featured_media":0,"comment_status":"closed","ping_status":"closed","sticky":false,"template":"","format":"standard","meta":{"footnotes":""},"categories":[3],"tags":[],"class_list":["post-1126","post","type-post","status-publish","format-standard","hentry","category-noticias"],"_links":{"self":[{"href":"https:\/\/cienciapolitica.ufpr.br\/decp\/wp-json\/wp\/v2\/posts\/1126","targetHints":{"allow":["GET"]}}],"collection":[{"href":"https:\/\/cienciapolitica.ufpr.br\/decp\/wp-json\/wp\/v2\/posts"}],"about":[{"href":"https:\/\/cienciapolitica.ufpr.br\/decp\/wp-json\/wp\/v2\/types\/post"}],"author":[{"embeddable":true,"href":"https:\/\/cienciapolitica.ufpr.br\/decp\/wp-json\/wp\/v2\/users\/20"}],"replies":[{"embeddable":true,"href":"https:\/\/cienciapolitica.ufpr.br\/decp\/wp-json\/wp\/v2\/comments?post=1126"}],"version-history":[{"count":4,"href":"https:\/\/cienciapolitica.ufpr.br\/decp\/wp-json\/wp\/v2\/posts\/1126\/revisions"}],"predecessor-version":[{"id":1130,"href":"https:\/\/cienciapolitica.ufpr.br\/decp\/wp-json\/wp\/v2\/posts\/1126\/revisions\/1130"}],"wp:attachment":[{"href":"https:\/\/cienciapolitica.ufpr.br\/decp\/wp-json\/wp\/v2\/media?parent=1126"}],"wp:term":[{"taxonomy":"category","embeddable":true,"href":"https:\/\/cienciapolitica.ufpr.br\/decp\/wp-json\/wp\/v2\/categories?post=1126"},{"taxonomy":"post_tag","embeddable":true,"href":"https:\/\/cienciapolitica.ufpr.br\/decp\/wp-json\/wp\/v2\/tags?post=1126"}],"curies":[{"name":"wp","href":"https:\/\/api.w.org\/{rel}","templated":true}]}}