{"id":1016,"date":"2020-11-30T10:51:38","date_gmt":"2020-11-30T13:51:38","guid":{"rendered":"https:\/\/cienciapolitica.ufpr.br\/decp\/?p=1016"},"modified":"2022-06-01T08:14:32","modified_gmt":"2022-06-01T11:14:32","slug":"resultado-da-selecao-para-bolsa-de-iniciacao-cientifica","status":"publish","type":"post","link":"https:\/\/cienciapolitica.ufpr.br\/decp\/2020\/11\/30\/resultado-da-selecao-para-bolsa-de-iniciacao-cientifica\/","title":{"rendered":"Resultado da sele\u00e7\u00e3o para bolsa de Inicia\u00e7\u00e3o Cient\u00edfica"},"content":{"rendered":"<p style=\"text-align: left\">Foi publicado o resultado da sele\u00e7\u00e3o para bolsa de Inicia\u00e7\u00e3o Cient\u00edfica do projeto &#8220;Empresariado, elites econ\u00f4micas e o funcionamento da democracia no Brasil, aprovado no Edital 02-2020 \u2013 2\u00aa Chamada &#8211; PRPPG-UFPR&#8221;.<\/p>\n<p style=\"text-align: left\"><a href=\"https:\/\/cienciapolitica.ufpr.br\/decp\/wp-content\/uploads\/sites\/3\/2020\/11\/Resultado-Edital-Bolsa-IC-Projeto-Empresariado-elites-econ\u00f4micas-e-o-funcionamento-da-democracia-no-Brasil-1.pdf\">Resultado Final<\/a><\/p>\n","protected":false},"excerpt":{"rendered":"<p>Foi publicado o resultado da sele\u00e7\u00e3o para bolsa de Inicia\u00e7\u00e3o Cient\u00edfica do projeto &#8220;Empresariado, elites econ\u00f4micas e o funcionamento da democracia no Brasil, aprovado no Edital 02-2020 \u2013 2\u00aa Chamada &#8211; PRPPG-UFPR&#8221;. Resultado Final<\/p>\n","protected":false},"author":20,"featured_media":0,"comment_status":"closed","ping_status":"closed","sticky":false,"template":"","format":"standard","meta":{"footnotes":""},"categories":[3],"tags":[],"class_list":["post-1016","post","type-post","status-publish","format-standard","hentry","category-noticias"],"_links":{"self":[{"href":"https:\/\/cienciapolitica.ufpr.br\/decp\/wp-json\/wp\/v2\/posts\/1016","targetHints":{"allow":["GET"]}}],"collection":[{"href":"https:\/\/cienciapolitica.ufpr.br\/decp\/wp-json\/wp\/v2\/posts"}],"about":[{"href":"https:\/\/cienciapolitica.ufpr.br\/decp\/wp-json\/wp\/v2\/types\/post"}],"author":[{"embeddable":true,"href":"https:\/\/cienciapolitica.ufpr.br\/decp\/wp-json\/wp\/v2\/users\/20"}],"replies":[{"embeddable":true,"href":"https:\/\/cienciapolitica.ufpr.br\/decp\/wp-json\/wp\/v2\/comments?post=1016"}],"version-history":[{"count":3,"href":"https:\/\/cienciapolitica.ufpr.br\/decp\/wp-json\/wp\/v2\/posts\/1016\/revisions"}],"predecessor-version":[{"id":1271,"href":"https:\/\/cienciapolitica.ufpr.br\/decp\/wp-json\/wp\/v2\/posts\/1016\/revisions\/1271"}],"wp:attachment":[{"href":"https:\/\/cienciapolitica.ufpr.br\/decp\/wp-json\/wp\/v2\/media?parent=1016"}],"wp:term":[{"taxonomy":"category","embeddable":true,"href":"https:\/\/cienciapolitica.ufpr.br\/decp\/wp-json\/wp\/v2\/categories?post=1016"},{"taxonomy":"post_tag","embeddable":true,"href":"https:\/\/cienciapolitica.ufpr.br\/decp\/wp-json\/wp\/v2\/tags?post=1016"}],"curies":[{"name":"wp","href":"https:\/\/api.w.org\/{rel}","templated":true}]}}